{"id":1857,"date":"2020-06-20T18:26:30","date_gmt":"2020-06-20T17:26:30","guid":{"rendered":"https:\/\/www.mon-jocs.com\/blog\/?p=1857"},"modified":"2020-06-21T00:17:18","modified_gmt":"2020-06-20T23:17:18","slug":"la-apertura-de-los-centros-de-ocio-infantiles-depende-de-las-comunidades-autonomas","status":"publish","type":"post","link":"https:\/\/www.mon-jocs.com\/blog\/la-apertura-de-los-centros-de-ocio-infantiles-depende-de-las-comunidades-autonomas\/","title":{"rendered":"La apertura de los Centros de Ocio Infantiles depende de las Comunidades Aut\u00f3nomas"},"content":{"rendered":"\n<p class=\"has-text-color has-text-align-justify has-very-dark-gray-color\">Este domingo 21 de junio de 2020 comienza la \u00abnueva normalidad\u00bb en Espa\u00f1a. Finaliza as\u00ed el estado de alarma, tal y como se indicaba en el Real Decreto 555\/2020 de 5 de junio (\u00faltima pr\u00f3rroga del estado de alarma).  A partir de ahora los gobiernos auton\u00f3micos asumen plenas competencias en materia de sanidad con el objetivo de evitar rebrotes de&nbsp;Covid-19, siempre supervisadas por el Ministerio de Sanidad. Por ello, ser\u00e1n las encargadas de establecer las medidas, protocolos, restricciones y prohibiciones para la apertura de Parques Infantiles y Centros de Ocio. La mayor parte de las comunidades han publicado en sus boletines oficiales las nuevas normas que se regir\u00e1n a partir de este 21 de junio.<\/p>\n\n\n\n<!--more-->\n\n\n\n<p class=\"has-text-color has-text-align-justify has-very-dark-gray-color\">La mayor\u00eda de Comunidades Aut\u00f3nomas han coincidido en la limitaci\u00f3n de aforos en la hosteler\u00eda y en eventos de espacios cerrados o abiertos. A\u00fan as\u00ed, cada regi\u00f3n dispone de limitaciones distintas en diferentes actividades de ocio.<\/p>\n\n\n\n<p class=\"has-text-color has-text-align-justify has-very-dark-gray-color\"><strong>Consulte el bolet\u00edn oficial de su comunidad<\/strong>.<\/p>\n\n\n\n<p class=\"has-text-color has-text-align-justify has-very-dark-gray-color\"><strong><a href=\"http:\/\/www.bocm.es\/boletin\/CM_Orden_BOCM\/2020\/06\/20\/BOCM-20200620-11.PDF\" target=\"_blank\" rel=\"noreferrer noopener\">Madrid,<\/a><\/strong><em> en su p\u00e1gina 31 indica que no se pueden abrir los parques infantiles y centros de ocio.<\/em><\/p>\n\n\n\n<p class=\"has-text-color has-text-align-justify has-very-dark-gray-color\"><a href=\"http:\/\/www.dogv.gva.es\/datos\/2020\/06\/20\/pdf\/2020_4770.pdf\" target=\"_blank\" rel=\"noreferrer noopener\"><strong>Comunidad Valenciana<\/strong><\/a>, <em>entre las normativas de este sector se aprueba la apertura siempre y cuando se respeten las medidas de seguridad: distancia interpersonal de 1.5m, mascarilla a partir de 6 a\u00f1os si no fuera posible esa distancia e higiene y prevenci\u00f3n.<\/em><\/p>\n\n\n\n<p class=\"has-text-color has-text-align-justify has-very-dark-gray-color\"><a href=\"https:\/\/www.borm.es\/services\/anuncio\/ano\/2020\/numero\/3010\/pdf?id=785502\" target=\"_blank\" rel=\"noreferrer noopener\"><strong>Regi\u00f3n de Murcia<\/strong><\/a>, <em>en el art\u00edculo 24 se informa que no se pueden utilizar las Piscinas de Bolas, Camas El\u00e1sticas e Hinchables.<\/em><\/p>\n\n\n\n<p class=\"has-text-color has-text-align-justify has-very-dark-gray-color\"><a rel=\"noreferrer noopener\" href=\"https:\/\/dogc.gencat.cat\/es\/pdogc_canals_interns\/pdogc_resultats_fitxa\/index.html?action=fitxa&amp;documentId=875707&amp;language=ca_ES&amp;newLang=es_ES\" target=\"_blank\"><strong>Catalu\u00f1a<\/strong><\/a>, <em>pueden abrir los parques infantiles pero hay que respetar siempre la distancia m\u00ednima interpersonal y el uso de mascarilla si no se puede mantener.<\/em><\/p>\n\n\n\n<p class=\"has-text-color has-text-align-justify has-very-dark-gray-color\"><a rel=\"noreferrer noopener\" href=\"https:\/\/www.juntadeandalucia.es\/boja\/2020\/539\/5\" target=\"_blank\"><strong>Andaluc\u00eda<\/strong><\/a>,<em> En el apartado decimosexto. Medidas para establecimientos recreativos. Los establecimientos recreativos infantiles que se destinen a ofrecer juegos y atracciones recreativas dise\u00f1ados espec\u00edficamente para p\u00fablico de edad igual o inferior a 12 a\u00f1os, espacios de juego y entretenimiento, as\u00ed como la celebraci\u00f3n de fiestas infantiles, permanecer\u00e1n cerrados. Y los centros de ocio y diversi\u00f3n, parques de atracciones y tem\u00e1ticos, y parques acu\u00e1ticos, podr\u00e1n proceder a la reapertura al p\u00fablico siempre que se limite el aforo total de los mismos al 60% para lugares abiertos y a un tercio del aforo permitido para lugares cerrados. Las atracciones se regir\u00e1n por lo dispuesto para las atracciones de feria.<\/em><\/p>\n\n\n\n<p class=\"has-text-color has-text-align-justify has-very-dark-gray-color\"><strong><a rel=\"noreferrer noopener\" href=\"https:\/\/docm.jccm.es\/portaldocm\/descargarArchivo.do?ruta=2020\/06\/20\/pdf\/docm_121.pdf&amp;tipo=rutaDocm\" target=\"_blank\">Castilla-La Mancha<\/a>,<\/strong> <em>en el art\u00edculo 4 se informa de la Reanudaci\u00f3n de determinadas actividades suspendidas, siempre que la evoluci\u00f3n de la situaci\u00f3n epidemiol\u00f3gica as\u00ed lo aconseje. La autoridad sanitaria puede permitir la reanudaci\u00f3n de las actividades que se indican a continuaci\u00f3n, en las condiciones que ella establezca:<br>a) Los establecimientos que se destinen a ofrecer juegos y atracciones recreativas dise\u00f1ados espec\u00edficamente para p\u00fablico de edad igual o inferior a 12 a\u00f1os, espacios de juego y entretenimiento, as\u00ed como la celebraci\u00f3n de fiestas infantiles.<br>Podr\u00e1n reanudarse las actividades infantiles tales como castillos hinchables, toboganes y otros juegos infantiles siempre que est\u00e9n instalados en espacios exteriores y se guarde la distancia de seguridad.<\/em><\/p>\n\n\n\n<p class=\"has-text-color has-text-align-justify has-very-dark-gray-color\"><a rel=\"noreferrer noopener\" href=\"http:\/\/doe.gobex.es\/pdfs\/doe\/2020\/1150o\/20061026.pdf\" target=\"_blank\"><strong>Extremadura<\/strong><\/a>, a\u00fan no hay nada espec\u00edfico para Parques Infantiles pero s\u00ed podemos encontrar una gu\u00eda. (pagina 73)<\/p>\n\n\n\n<p class=\"has-text-color has-text-align-justify has-very-dark-gray-color\"><a rel=\"noreferrer noopener\" href=\"http:\/\/www.boa.aragon.es\/cgi-bin\/EBOA\/BRSCGI?CMD=VERDOC&amp;BASE=BOLE&amp;PIECE=BOLE&amp;DOCS=1-3&amp;DOCR=3&amp;SEC=FIRMA&amp;RNG=200&amp;SEPARADOR=&amp;&amp;PUBL=20200620\" target=\"_blank\"><strong>Arag\u00f3n<\/strong><\/a>, en su art\u00edculo 18 hace referencia a los parques y zonas deportivas de uso p\u00fablico al aire libre. Las \u00e1reas de juego y biosaludables, zonas deportivas o espacios de uso p\u00fablico al aire libre similares, podr\u00e1n estar abiertos al p\u00fablico, observando las medidas necesarias para mantener la distancia de seguridad interpersonal o, en su defecto, la utilizaci\u00f3n de medidas alternativas de protecci\u00f3n f\u00edsica conforme a lo establecido en esta Orden. Asimismo, deber\u00e1n aplicarse las medidas de higiene y prevenci\u00f3n establecidas, especialmente en lo que se refiere a la limpieza y desinfecci\u00f3n diarias de estos espacios en las \u00e1reas de contacto de las zonas comunes.<\/p>\n\n\n\n<p class=\"has-text-color has-text-align-justify has-very-dark-gray-color\"><a rel=\"noreferrer noopener\" href=\"http:\/\/bocyl.jcyl.es\/boletines\/2020\/06\/20\/pdf\/BOCYL-D-20062020-1.pdf\" target=\"_blank\"><strong>Castilla y Le\u00f3n<\/strong><\/a>, <em>en el art\u00edculo 3.18 <\/em> Centros de Ocio Infantil. <strong><em><span style=\"text-decoration: underline;\">1.<\/span><\/em><\/strong> Podr\u00e1 procederse a la reapertura al p\u00fablico de los establecimientos que se destinen a ofrecer juegos y atracciones recreativas dise\u00f1ados espec\u00edficamente para p\u00fablico de edad igual o inferior a 12 a\u00f1os, espacios de juego y entretenimiento, as\u00ed como la celebraci\u00f3n de fiestas infantiles siempre que se cumplan las condiciones siguientes:<br>a) No podr\u00e1 superarse un tercio del aforo.<br>b) El consumo dentro del local podr\u00e1 realizarse \u00fanicamente en mesa o en agrupaciones de mesas, debiendo asegurarse el mantenimiento de la debida distancia de seguridad interpersonal.<br>c) Deber\u00e1 procurarse en todo caso el mantenimiento de la distancia interpersonal de 1,5 metros, en particular evitando aglomeraciones de personas en la entrada o salida del local, o dentro del mismo.<br>d) Deber\u00e1 procederse a la ventilaci\u00f3n del local de forma completa al inicio y final de cada sesi\u00f3n de su actividad.<br>e) Se reforzar\u00e1 la limpieza y desinfecci\u00f3n de todos y cada uno de los elementos y espacios que entren en contacto con el p\u00fablico. Si no es posible garantizar su desinfecci\u00f3n en las condiciones adecuadas, se deber\u00e1n inhabilitar para su uso.<br>f) En todo caso podr\u00e1 procederse a la apertura de las terrazas al aire libre de estos establecimientos, si las hubiera, en las mismas condiciones que el resto de terrazas de establecimientos de hosteler\u00eda y restauraci\u00f3n. <strong><em><span style=\"text-decoration: underline;\">2. <\/span><\/em><\/strong>Adem\u00e1s del cumplimiento general de las medidas de higiene y prevenci\u00f3n establecidas, en el caso de que en el establecimiento se preste alg\u00fan tipo de servicio de hosteler\u00eda y restauraci\u00f3n, la prestaci\u00f3n de este ajustara a lo previsto en las condiciones para la prestaci\u00f3n de los servicios de hosteler\u00eda y restauraci\u00f3n.<\/p>\n\n\n\n<p class=\"has-text-color has-text-align-justify has-very-dark-gray-color\"><a rel=\"noreferrer noopener\" href=\"https:\/\/web.larioja.org\/bor-portada\/boranuncio?n=13167208-8-HTML-531717-X\" target=\"_blank\"><strong>La Rioja<\/strong><\/a>,  en el art\u00edculo 7.21 se refiere <em>refiere a Parques y zonas deportivas de uso p\u00fablico al aire libre.<\/em> Los parques infantiles y las zonas deportivas de uso p\u00fablico al aire libre o similares podr\u00e1n estar abiertas al p\u00fablico siempre que en las mismas se respete un aforo m\u00e1ximo estimado de una persona por cada cuatro metros cuadrados de espacio computable de superficie del recinto. Deber\u00e1n establecerse las medidas necesarias para mantener la distancia de seguridad interpersonal o, en su defecto, la utilizaci\u00f3n de medidas alternativas de protecci\u00f3n f\u00edsica. Deber\u00e1n aplicarse las medidas de higiene y prevenci\u00f3n establecidas, especialmente en lo que se refiere a proceder diariamente a la limpieza y desinfecci\u00f3n de estos espacios en las \u00e1reas de contacto de las zonas comunes.<\/p>\n\n\n\n<p class=\"has-text-color has-text-align-justify has-very-dark-gray-color\"><strong><a rel=\"noreferrer noopener\" href=\"https:\/\/www.navarra.es\/documents\/48192\/4313301\/Acuerdo+nueva+normalidad.pdf\/e58871b9-8e88-0de5-4820-0ff45be165c4?t=1592572457542\" target=\"_blank\">Navarra<\/a>,<\/strong> en el art\u00edculo 3.26 se encuentran las medidas de seguridad en Parques Infantiles de uso p\u00fablico.<\/p>\n\n\n\n<p class=\"has-text-color has-text-align-justify has-very-dark-gray-color\"><a rel=\"noreferrer noopener\" href=\"https:\/\/www.xunta.gal\/dog\/Publicados\/2020\/20200613\/AnuncioC3K1-120620-1_es.html\" target=\"_blank\"><strong>Galicia<\/strong><\/a>, <em>en el punto 3.19. Centros de ocio infantil. Permanecer\u00e1n cerrados los establecimientos que se destinen a ofrecer juegos y atracciones recreativas dise\u00f1ados espec\u00edficamente para p\u00fablico de edad igual o inferior a 12 a\u00f1os, espacios de juego y entretenimiento, as\u00ed como la celebraci\u00f3n de fiestas infantiles. <\/em><\/p>\n\n\n\n<p class=\"has-text-color has-text-align-justify has-very-dark-gray-color\"><em>Otras comunidades que se pueden consultar<\/em>: <strong><a rel=\"noreferrer noopener\" href=\"https:\/\/www.euskadi.eus\/gobierno-vasco\/-\/eli\/es-pv\/o\/2020\/06\/18\/(1)\/dof\/spa\/html\/\" target=\"_blank\">Pa\u00eds Vasco<\/a>. <a rel=\"noreferrer noopener\" href=\"https:\/\/boc.cantabria.es\/boces\/verPdfAction.do?idBlob=25547&amp;tipoPdf=0\" target=\"_blank\">Cantabria<\/a>. <a rel=\"noreferrer noopener\" href=\"https:\/\/sedemovil.asturias.es\/bopa\/2020\/06\/09\/2020-04075.pdf\" target=\"_blank\">Asturias<\/a>. <a rel=\"noreferrer noopener\" href=\"https:\/\/www.iberley.es\/legislacion\/decreto-4-2020-12-jun-c-baleares-medidas-flexibilizacion-restricciones-aplicacion-fase-3-26569949\" target=\"_blank\">Islas Baleares<\/a>. <a rel=\"noreferrer noopener\" href=\"http:\/\/www.gobiernodecanarias.org\/boc\/2020\/123\/004.html\" target=\"_blank\">Canarias<\/a><\/strong><\/p>\n\n\n\n<p class=\"has-text-color has-text-align-justify has-very-dark-gray-color\"><em><span class=\"has-inline-color has-luminous-vivid-orange-color\"><strong>*NOTA: Toda la informaci\u00f3n y enlaces de esta noticia son vigentes a fecha de 20 de junio de 2020, cada comunidad puede actualizar esta informaci\u00f3n a lo largo de los d\u00edas por lo que se aconseja seguir el bolet\u00edn oficial de su comunidad y las pr\u00f3ximas noticias que publiquemos<\/strong><\/span><\/em><\/p>\n\n\n\n<div class=\"wp-block-buttons\">\n<div class=\"wp-block-button\" style=\"display:flex; justify-content:center;\"><a class=\"wp-block-button__link has-background\" href=\"https:\/\/www.mon-jocs.com\/blog\/\" style=\"background:radial-gradient(rgb(2,3,129) 0%,rgb(40,116,252) 57%)\">Volver al Blog<\/a><\/div>\n<\/div>\n<div class=\"sharedaddy sd-sharing-enabled\"><div class=\"robots-nocontent sd-block sd-social sd-social-official sd-sharing\"><h3 class=\"sd-title\">Comparte esto:<\/h3><div class=\"sd-content\"><ul><li class=\"share-facebook\"><div class=\"fb-share-button\" data-href=\"https:\/\/www.mon-jocs.com\/blog\/la-apertura-de-los-centros-de-ocio-infantiles-depende-de-las-comunidades-autonomas\/\" data-layout=\"button_count\"><\/div><\/li><li class=\"share-twitter\"><a href=\"https:\/\/twitter.com\/share\" class=\"twitter-share-button\" data-url=\"https:\/\/www.mon-jocs.com\/blog\/la-apertura-de-los-centros-de-ocio-infantiles-depende-de-las-comunidades-autonomas\/\" data-text=\"La apertura de los Centros de Ocio Infantiles depende de las Comunidades Aut\u00f3nomas\" data-via=\"MonJocs\" >Tweet<\/a><\/li><li class=\"share-jetpack-whatsapp\"><a rel=\"nofollow noopener noreferrer\" data-shared=\"\" class=\"share-jetpack-whatsapp sd-button\" href=\"https:\/\/www.mon-jocs.com\/blog\/la-apertura-de-los-centros-de-ocio-infantiles-depende-de-las-comunidades-autonomas\/?share=jetpack-whatsapp\" target=\"_blank\" title=\"Haz clic para compartir en WhatsApp\"><span>WhatsApp<\/span><\/a><\/li><li class=\"share-telegram\"><a rel=\"nofollow noopener noreferrer\" data-shared=\"\" class=\"share-telegram sd-button\" href=\"https:\/\/www.mon-jocs.com\/blog\/la-apertura-de-los-centros-de-ocio-infantiles-depende-de-las-comunidades-autonomas\/?share=telegram\" target=\"_blank\" title=\"Haz clic para compartir en Telegram\"><span>Telegram<\/span><\/a><\/li><li class=\"share-end\"><\/li><\/ul><\/div><\/div><\/div>","protected":false},"excerpt":{"rendered":"<p>Este domingo 21 de junio de 2020 comienza la \u00abnueva normalidad\u00bb en Espa\u00f1a. Finaliza as\u00ed el estado de alarma, tal y como se indicaba en el Real Decreto 555\/2020 de 5 de junio (\u00faltima pr\u00f3rroga del estado de alarma). A &hellip; <a href=\"https:\/\/www.mon-jocs.com\/blog\/la-apertura-de-los-centros-de-ocio-infantiles-depende-de-las-comunidades-autonomas\/\">Sigue leyendo <span class=\"meta-nav\">&rarr;<\/span><\/a><\/p>\n<div class=\"sharedaddy sd-sharing-enabled\"><div class=\"robots-nocontent sd-block sd-social sd-social-official sd-sharing\"><h3 class=\"sd-title\">Comparte esto:<\/h3><div class=\"sd-content\"><ul><li class=\"share-facebook\"><div class=\"fb-share-button\" data-href=\"https:\/\/www.mon-jocs.com\/blog\/la-apertura-de-los-centros-de-ocio-infantiles-depende-de-las-comunidades-autonomas\/\" data-layout=\"button_count\"><\/div><\/li><li class=\"share-twitter\"><a href=\"https:\/\/twitter.com\/share\" class=\"twitter-share-button\" data-url=\"https:\/\/www.mon-jocs.com\/blog\/la-apertura-de-los-centros-de-ocio-infantiles-depende-de-las-comunidades-autonomas\/\" data-text=\"La apertura de los Centros de Ocio Infantiles depende de las Comunidades Aut\u00f3nomas\" data-via=\"MonJocs\" >Tweet<\/a><\/li><li class=\"share-jetpack-whatsapp\"><a rel=\"nofollow noopener noreferrer\" data-shared=\"\" class=\"share-jetpack-whatsapp sd-button\" href=\"https:\/\/www.mon-jocs.com\/blog\/la-apertura-de-los-centros-de-ocio-infantiles-depende-de-las-comunidades-autonomas\/?share=jetpack-whatsapp\" target=\"_blank\" title=\"Haz clic para compartir en WhatsApp\"><span>WhatsApp<\/span><\/a><\/li><li class=\"share-telegram\"><a rel=\"nofollow noopener noreferrer\" data-shared=\"\" class=\"share-telegram sd-button\" href=\"https:\/\/www.mon-jocs.com\/blog\/la-apertura-de-los-centros-de-ocio-infantiles-depende-de-las-comunidades-autonomas\/?share=telegram\" target=\"_blank\" title=\"Haz clic para compartir en Telegram\"><span>Telegram<\/span><\/a><\/li><li class=\"share-end\"><\/li><\/ul><\/div><\/div><\/div>","protected":false},"author":1,"featured_media":1866,"comment_status":"closed","ping_status":"open","sticky":false,"template":"","format":"standard","meta":{"spay_email":"","jetpack_publicize_message":"","jetpack_is_tweetstorm":false},"categories":[1],"tags":[],"jetpack_featured_media_url":"https:\/\/www.mon-jocs.com\/blog\/wp-content\/uploads\/2020\/06\/mon-jocs-parques-infantiles.jpg","jetpack_publicize_connections":[],"jetpack_sharing_enabled":true,"jetpack_shortlink":"https:\/\/wp.me\/p7WFgv-tX","_links":{"self":[{"href":"https:\/\/www.mon-jocs.com\/blog\/wp-json\/wp\/v2\/posts\/1857"}],"collection":[{"href":"https:\/\/www.mon-jocs.com\/blog\/wp-json\/wp\/v2\/posts"}],"about":[{"href":"https:\/\/www.mon-jocs.com\/blog\/wp-json\/wp\/v2\/types\/post"}],"author":[{"embeddable":true,"href":"https:\/\/www.mon-jocs.com\/blog\/wp-json\/wp\/v2\/users\/1"}],"replies":[{"embeddable":true,"href":"https:\/\/www.mon-jocs.com\/blog\/wp-json\/wp\/v2\/comments?post=1857"}],"version-history":[{"count":9,"href":"https:\/\/www.mon-jocs.com\/blog\/wp-json\/wp\/v2\/posts\/1857\/revisions"}],"predecessor-version":[{"id":1887,"href":"https:\/\/www.mon-jocs.com\/blog\/wp-json\/wp\/v2\/posts\/1857\/revisions\/1887"}],"wp:featuredmedia":[{"embeddable":true,"href":"https:\/\/www.mon-jocs.com\/blog\/wp-json\/wp\/v2\/media\/1866"}],"wp:attachment":[{"href":"https:\/\/www.mon-jocs.com\/blog\/wp-json\/wp\/v2\/media?parent=1857"}],"wp:term":[{"taxonomy":"category","embeddable":true,"href":"https:\/\/www.mon-jocs.com\/blog\/wp-json\/wp\/v2\/categories?post=1857"},{"taxonomy":"post_tag","embeddable":true,"href":"https:\/\/www.mon-jocs.com\/blog\/wp-json\/wp\/v2\/tags?post=1857"}],"curies":[{"name":"wp","href":"https:\/\/api.w.org\/{rel}","templated":true}]}}