{"id":1922,"date":"2020-07-17T08:29:36","date_gmt":"2020-07-17T07:29:36","guid":{"rendered":"https:\/\/www.mon-jocs.com\/blog\/?p=1922"},"modified":"2020-07-19T21:49:29","modified_gmt":"2020-07-19T20:49:29","slug":"uso-obligatorio-de-mascarilla","status":"publish","type":"post","link":"https:\/\/www.mon-jocs.com\/blog\/uso-obligatorio-de-mascarilla\/","title":{"rendered":"Uso obligatorio de mascarilla"},"content":{"rendered":"\n<p class=\"has-text-color has-text-align-justify has-very-dark-gray-color\">Tras el aumento de casos de coronavirus detectados en nuestro pa\u00eds, diferentes comunidades aut\u00f3nomas  imponen el uso de mascarillas de manera obligatoria. Con esta medida se endurecen tambi\u00e9n las sanciones, que oscilan entre 100 y 600 euros.<\/p>\n\n\n\n<p class=\"has-text-color has-text-align-justify has-very-dark-gray-color\">A partir de ahora hay que utilizar la mascarilla incluso cuando se pueda mantener la distancia de seguridad.&nbsp;<\/p>\n\n\n\n<!--more-->\n\n\n\n<div class=\"wp-block-image\"><figure class=\"aligncenter size-large is-resized\"><img loading=\"lazy\" src=\"https:\/\/www.mon-jocs.com\/blog\/wp-content\/uploads\/2020\/07\/uso-mascarilla-3.jpg\" alt=\"\" class=\"wp-image-1929\" width=\"292\" height=\"200\" srcset=\"https:\/\/www.mon-jocs.com\/blog\/wp-content\/uploads\/2020\/07\/uso-mascarilla-3.jpg 802w, https:\/\/www.mon-jocs.com\/blog\/wp-content\/uploads\/2020\/07\/uso-mascarilla-3-300x205.jpg 300w, https:\/\/www.mon-jocs.com\/blog\/wp-content\/uploads\/2020\/07\/uso-mascarilla-3-768x526.jpg 768w, https:\/\/www.mon-jocs.com\/blog\/wp-content\/uploads\/2020\/07\/uso-mascarilla-3-800x548.jpg 800w\" sizes=\"(max-width: 292px) 100vw, 292px\" \/><\/figure><\/div>\n\n\n\n<p class=\"has-text-color has-text-align-justify has-very-dark-gray-color\"><span style=\"text-decoration: underline;\"><strong>CATALUNYA<\/strong><\/span>, fue la primera que decret\u00f3 el uso obligatorio de la mascarilla por el aumento de casos en la&nbsp;comarca del Segri\u00e0. Su uso es obligatorio desde el pasado jueves 9 de julio. Consulte el <a rel=\"noreferrer noopener\" href=\"https:\/\/portaldogc.gencat.cat\/utilsEADOP\/PDF\/8173\/1803867.pdf\" target=\"_blank\">DIARI OFICIAL DE LA GENERALITAT DE CATALUNYA.<\/a><\/p>\n\n\n\n<p class=\"has-text-color has-text-align-justify has-very-dark-gray-color\"><span style=\"text-decoration: underline;\"><strong>BALEARES<\/strong><\/span>, comenzar\u00e1 a sancionar el pr\u00f3ximo 20 de julio pero su uso ya es obligatorio como se informa en <a rel=\"noreferrer noopener\" href=\"https:\/\/www.caib.es\/eboibfront\/es\/2020\/11224\" target=\"_blank\">Bolet\u00edn Oficial de las Islas Baleares.<\/a><\/p>\n\n\n\n<p class=\"has-text-color has-text-align-justify has-very-dark-gray-color\"><span style=\"text-decoration: underline;\"><strong>EXTREMADURA<\/strong><\/span>, este pasado s\u00e1bado ya&nbsp;<strong>impuso el uso de la mascarilla <\/strong>para todas las personas mayores de 6 a\u00f1os con independencia de que se respete la distancia de seguridad. El objetivo es evitar una transmisi\u00f3n comunitaria descontrolada del virus en la comunidad aut\u00f3noma. Consulte el <a rel=\"noreferrer noopener\" href=\"http:\/\/doe.gobex.es\/pdfs\/doe\/2020\/1331o\/1331o.pdf\" target=\"_blank\">Bolet\u00edn oficial<\/a> de esta comunidad.<\/p>\n\n\n\n<p class=\"has-text-color has-text-align-justify has-very-dark-gray-color\"><span style=\"text-decoration: underline;\"><strong>ARAG\u00d3N<\/strong><\/span>, es otra de las comunidades que es obligatorio el uso de la mascarilla aunque exista la distancia social. Puede ver toda la informaci\u00f3n en el <a rel=\"noreferrer noopener\" href=\"http:\/\/www.boa.aragon.es\/cgi-bin\/EBOA\/BRSCGI?CMD=VERDOC&amp;BASE=BOLE&amp;PIECE=BOLE&amp;DOCS=1-34&amp;DOCR=34&amp;SEC=FIRMA&amp;RNG=200&amp;SEPARADOR=&amp;&amp;PUBL=20200713\" target=\"_blank\">Bolet\u00edn Oficial de Arag\u00f3n<\/a>.<\/p>\n\n\n\n<p class=\"has-text-color has-text-align-justify has-very-dark-gray-color\"><span style=\"text-decoration: underline;\"><strong>MURCIA<\/strong><\/span>, la regi\u00f3n de Murcia obliga a utilizar la mascarilla en todos los espacios p\u00fablicos desde este lunes. Seg\u00fan el presidente regional, Fernando L\u00f3pez Miras, \u00abdebemos llevarla puesta en todo momento como medida de protecci\u00f3n propia y ajena\u00bb. <a rel=\"noreferrer noopener\" href=\"https:\/\/www.borm.es\/services\/anuncio\/ano\/2020\/numero\/3621\/pdf?id=786131\" target=\"_blank\">Bolet\u00edn Oficial de la Regi\u00f3n de Murcia &#8211; Uso obligatorio de la mascarilla<\/a>.<\/p>\n\n\n\n<p class=\"has-text-color has-text-align-justify has-very-dark-gray-color\"><strong><span style=\"text-decoration: underline;\">LA RIOJA<\/span><\/strong>, ya est\u00e1 publicada la medida en el <a rel=\"noreferrer noopener\" href=\"https:\/\/web.larioja.org\/bor-portada\/boranuncio?n=13374548-3-HTML-532235-X\" target=\"_blank\">Bolet\u00edn Oficial de La Rioja (BOR)<\/a> Su incumplimiento tendr\u00e1 una sanci\u00f3n de hasta 100 euros.<\/p>\n\n\n\n<p class=\"has-text-color has-text-align-justify has-very-dark-gray-color\"><span style=\"text-decoration: underline;\"><strong>ANDALUC\u00cdA<\/strong><\/span>, a partir de este mi\u00e9rcoles 15 de julio la mascarilla es obligatoria en esta comunidad, tanto en espacios p\u00fablicos como privados. Consulta el <a rel=\"noreferrer noopener\" href=\"https:\/\/www.juntadeandalucia.es\/boja\/2020\/545\/index.html\" target=\"_blank\">BOJA (Bolet\u00edn Oficial de la Junta de Andaluc\u00eda)<\/a>.<\/p>\n\n\n\n<p class=\"has-text-color has-text-align-justify has-very-dark-gray-color\"><span style=\"text-decoration: underline;\"><strong>CANTABRIA<\/strong><\/span>, esta autonom\u00eda tambi\u00e9n obliga el uso de la mascarilla, incluso cuando exista la distancia social. <a href=\"https:\/\/boc.cantabria.es\/boces\/verPdfAction.do?idBlob=25660&amp;tipoPdf=0\" target=\"_blank\" rel=\"noreferrer noopener\">Bolet\u00edn Oficial<\/a><\/p>\n\n\n\n<p class=\"has-text-color has-text-align-justify has-very-dark-gray-color\"><span style=\"text-decoration: underline;\"><strong>GALICIA<\/strong><\/span>, el 29 de junio ya impuso la normativa su uso obligatorio siempre, en movimiento por la v\u00eda p\u00fablica y en espacios al aire libre. Disponible esta informaci\u00f3n en su <a href=\"https:\/\/www.xunta.gal\/dog\/Publicados\/2020\/20200627\/AnuncioC3K1-250620-1_es.html\" target=\"_blank\" rel=\"noreferrer noopener\">Bolet\u00edn Oficial<\/a><\/p>\n\n\n\n<p class=\"has-text-color has-text-align-justify has-very-dark-gray-color\"><span style=\"text-decoration: underline;\"><strong>ASTURIAS<\/strong><\/span>, publicado en el <a rel=\"noreferrer noopener\" href=\"https:\/\/sedemovil.asturias.es\/bopa\/2020\/07\/14\/20200714Su1.pdf\" target=\"_blank\">Bolet\u00edn Oficial del Principado de Asturias<\/a>. La mascarilla hay que utilizarla exista distancia social o no.<\/p>\n\n\n\n<p class=\"has-text-color has-text-align-justify has-very-dark-gray-color\"><strong><span style=\"text-decoration: underline;\">PA\u00cdS VASCO<\/span>,<\/strong> actualmente en la localidad de Ordizia se encuentra el brote de coronavirus m\u00e1s numeroso de esta comunidad. <a rel=\"noreferrer noopener\" href=\"https:\/\/www.euskadi.eus\/y22-bopv\/es\/bopv2\/datos\/2020\/07\/2002784a.pdf\" target=\"_blank\">Bolet\u00edn Oficial del Pa\u00eds Vasco.<\/a><\/p>\n\n\n\n<p class=\"has-text-color has-text-align-justify has-very-dark-gray-color\"><span style=\"text-decoration: underline;\"><strong>NAVARRA<\/strong><\/span>, el departamento de Salud del Gobierno de Navarra ha publicado la propuesta sobre la obligatoriedad del uso de la mascarilla, en la que se regula su uso en cualquier espacio. El objetivo es atajar los brotes y prevenir los contagios de covid-19&#8243;.<\/p>\n\n\n\n<p class=\"has-text-color has-text-align-justify has-very-dark-gray-color\"><strong><span style=\"text-decoration: underline;\">MELILLA<\/span><\/strong>, el presidente de la Ciudad Aut\u00f3noma de Melilla, Eduardo de Castro , ha  informado que \u00abse implanta  el uso obligatorio de mascarilla en Melilla, aunque se pueda guardar la distancia de seguridad\u00bb&nbsp;y pese a no tener casos hace dos semanas.<\/p>\n\n\n\n<p class=\"has-text-color has-text-align-justify has-very-dark-gray-color\"><span style=\"text-decoration: underline;\"><strong>CANARIAS<\/strong><\/span>, ha comunicado este lunes al Consejo Interterritorial de Salud que aprueba medidas que refuercen la obligatoriedad de usar mascarillas.<\/p>\n\n\n\n<p class=\"has-text-color has-very-dark-gray-color\"><strong><span style=\"text-decoration: underline;\">CASTILLA Y LE\u00d3N<\/span><\/strong>, esta norma entrar\u00e1 en vigor el s\u00e1bado y se extiende a v\u00edas p\u00fablicas, \u00e1mbitos urbanos al aire libre y espacios cerrados<\/p>\n\n\n\n<div class=\"wp-block-image\"><figure class=\"aligncenter size-large is-resized\"><img loading=\"lazy\" src=\"https:\/\/www.mon-jocs.com\/blog\/wp-content\/uploads\/2020\/07\/uso-mascarilla-2.jpg\" alt=\"\" class=\"wp-image-1930\" width=\"280\" height=\"183\" srcset=\"https:\/\/www.mon-jocs.com\/blog\/wp-content\/uploads\/2020\/07\/uso-mascarilla-2.jpg 507w, https:\/\/www.mon-jocs.com\/blog\/wp-content\/uploads\/2020\/07\/uso-mascarilla-2-300x196.jpg 300w\" sizes=\"(max-width: 280px) 100vw, 280px\" \/><\/figure><\/div>\n\n\n\n<p class=\"has-text-color has-text-align-justify has-very-dark-gray-color\"><span style=\"text-decoration: underline;\"><strong>COMUNIDAD VALENCIANA<\/strong>,<\/span> Ya es obligatorio en esta comunidad desde el pasado 18 de julio. Consulte el <a href=\"http:\/\/www.dogv.gva.es\/datos\/2020\/07\/18\/pdf\/2020_5852.pdf\" target=\"_blank\" rel=\"noreferrer noopener\">DOGV<\/a>.<\/p>\n\n\n\n<span class=\"embed-youtube\" style=\"text-align:center; display: block;\"><iframe loading=\"lazy\" class=\"youtube-player\" width=\"500\" height=\"282\" src=\"https:\/\/www.youtube.com\/embed\/Rf1_J0WhXgs?version=3&#038;rel=1&#038;showsearch=0&#038;showinfo=1&#038;iv_load_policy=1&#038;fs=1&#038;hl=es-ES&#038;autohide=2&#038;wmode=transparent\" allowfullscreen=\"true\" style=\"border:0;\" sandbox=\"allow-scripts allow-same-origin allow-popups allow-presentation\"><\/iframe><\/span>\n\n\n\n<div class=\"wp-block-buttons\">\n<div class=\"wp-block-button\"><a class=\"wp-block-button__link has-background\" href=\"https:\/\/www.mon-jocs.com\/blog\" style=\"background:radial-gradient(rgb(2,3,129) 0%,rgb(40,116,252) 100%)\">Volver al Blog<\/a><\/div>\n<\/div>\n<div class=\"sharedaddy sd-sharing-enabled\"><div class=\"robots-nocontent sd-block sd-social sd-social-official sd-sharing\"><h3 class=\"sd-title\">Comparte esto:<\/h3><div class=\"sd-content\"><ul><li class=\"share-facebook\"><div class=\"fb-share-button\" data-href=\"https:\/\/www.mon-jocs.com\/blog\/uso-obligatorio-de-mascarilla\/\" data-layout=\"button_count\"><\/div><\/li><li class=\"share-twitter\"><a href=\"https:\/\/twitter.com\/share\" class=\"twitter-share-button\" data-url=\"https:\/\/www.mon-jocs.com\/blog\/uso-obligatorio-de-mascarilla\/\" data-text=\"Uso obligatorio de mascarilla\" data-via=\"MonJocs\" >Tweet<\/a><\/li><li class=\"share-jetpack-whatsapp\"><a rel=\"nofollow noopener noreferrer\" data-shared=\"\" class=\"share-jetpack-whatsapp sd-button\" href=\"https:\/\/www.mon-jocs.com\/blog\/uso-obligatorio-de-mascarilla\/?share=jetpack-whatsapp\" target=\"_blank\" title=\"Haz clic para compartir en WhatsApp\"><span>WhatsApp<\/span><\/a><\/li><li class=\"share-telegram\"><a rel=\"nofollow noopener noreferrer\" data-shared=\"\" class=\"share-telegram sd-button\" href=\"https:\/\/www.mon-jocs.com\/blog\/uso-obligatorio-de-mascarilla\/?share=telegram\" target=\"_blank\" title=\"Haz clic para compartir en Telegram\"><span>Telegram<\/span><\/a><\/li><li class=\"share-end\"><\/li><\/ul><\/div><\/div><\/div>","protected":false},"excerpt":{"rendered":"<p>Tras el aumento de casos de coronavirus detectados en nuestro pa\u00eds, diferentes comunidades aut\u00f3nomas imponen el uso de mascarillas de manera obligatoria. Con esta medida se endurecen tambi\u00e9n las sanciones, que oscilan entre 100 y 600 euros. A partir de &hellip; <a href=\"https:\/\/www.mon-jocs.com\/blog\/uso-obligatorio-de-mascarilla\/\">Sigue leyendo <span class=\"meta-nav\">&rarr;<\/span><\/a><\/p>\n<div class=\"sharedaddy sd-sharing-enabled\"><div class=\"robots-nocontent sd-block sd-social sd-social-official sd-sharing\"><h3 class=\"sd-title\">Comparte esto:<\/h3><div class=\"sd-content\"><ul><li class=\"share-facebook\"><div class=\"fb-share-button\" data-href=\"https:\/\/www.mon-jocs.com\/blog\/uso-obligatorio-de-mascarilla\/\" data-layout=\"button_count\"><\/div><\/li><li class=\"share-twitter\"><a href=\"https:\/\/twitter.com\/share\" class=\"twitter-share-button\" data-url=\"https:\/\/www.mon-jocs.com\/blog\/uso-obligatorio-de-mascarilla\/\" data-text=\"Uso obligatorio de mascarilla\" data-via=\"MonJocs\" >Tweet<\/a><\/li><li class=\"share-jetpack-whatsapp\"><a rel=\"nofollow noopener noreferrer\" data-shared=\"\" class=\"share-jetpack-whatsapp sd-button\" href=\"https:\/\/www.mon-jocs.com\/blog\/uso-obligatorio-de-mascarilla\/?share=jetpack-whatsapp\" target=\"_blank\" title=\"Haz clic para compartir en WhatsApp\"><span>WhatsApp<\/span><\/a><\/li><li class=\"share-telegram\"><a rel=\"nofollow noopener noreferrer\" data-shared=\"\" class=\"share-telegram sd-button\" href=\"https:\/\/www.mon-jocs.com\/blog\/uso-obligatorio-de-mascarilla\/?share=telegram\" target=\"_blank\" title=\"Haz clic para compartir en Telegram\"><span>Telegram<\/span><\/a><\/li><li class=\"share-end\"><\/li><\/ul><\/div><\/div><\/div>","protected":false},"author":1,"featured_media":1928,"comment_status":"closed","ping_status":"open","sticky":false,"template":"","format":"standard","meta":{"spay_email":"","jetpack_publicize_message":"","jetpack_is_tweetstorm":false},"categories":[1],"tags":[],"jetpack_featured_media_url":"https:\/\/www.mon-jocs.com\/blog\/wp-content\/uploads\/2020\/07\/uso-mascarilla.jpg","jetpack_publicize_connections":[],"jetpack_sharing_enabled":true,"jetpack_shortlink":"https:\/\/wp.me\/p7WFgv-v0","_links":{"self":[{"href":"https:\/\/www.mon-jocs.com\/blog\/wp-json\/wp\/v2\/posts\/1922"}],"collection":[{"href":"https:\/\/www.mon-jocs.com\/blog\/wp-json\/wp\/v2\/posts"}],"about":[{"href":"https:\/\/www.mon-jocs.com\/blog\/wp-json\/wp\/v2\/types\/post"}],"author":[{"embeddable":true,"href":"https:\/\/www.mon-jocs.com\/blog\/wp-json\/wp\/v2\/users\/1"}],"replies":[{"embeddable":true,"href":"https:\/\/www.mon-jocs.com\/blog\/wp-json\/wp\/v2\/comments?post=1922"}],"version-history":[{"count":10,"href":"https:\/\/www.mon-jocs.com\/blog\/wp-json\/wp\/v2\/posts\/1922\/revisions"}],"predecessor-version":[{"id":1937,"href":"https:\/\/www.mon-jocs.com\/blog\/wp-json\/wp\/v2\/posts\/1922\/revisions\/1937"}],"wp:featuredmedia":[{"embeddable":true,"href":"https:\/\/www.mon-jocs.com\/blog\/wp-json\/wp\/v2\/media\/1928"}],"wp:attachment":[{"href":"https:\/\/www.mon-jocs.com\/blog\/wp-json\/wp\/v2\/media?parent=1922"}],"wp:term":[{"taxonomy":"category","embeddable":true,"href":"https:\/\/www.mon-jocs.com\/blog\/wp-json\/wp\/v2\/categories?post=1922"},{"taxonomy":"post_tag","embeddable":true,"href":"https:\/\/www.mon-jocs.com\/blog\/wp-json\/wp\/v2\/tags?post=1922"}],"curies":[{"name":"wp","href":"https:\/\/api.w.org\/{rel}","templated":true}]}}